{"id":7484,"date":"2025-06-20T08:32:17","date_gmt":"2025-06-20T12:32:17","guid":{"rendered":"https:\/\/www.lupe.com.py\/?p=7484"},"modified":"2025-06-20T09:10:04","modified_gmt":"2025-06-20T13:10:04","slug":"queremos-vernos-mas-aca-de-la-tv-2","status":"publish","type":"post","link":"https:\/\/www.lupe.com.py\/en\/queremos-vernos-mas-aca-de-la-tv-2\/","title":{"rendered":"Queremos vernos, &#8220;m\u00e1s ac\u00e1&#8221; de la TV"},"content":{"rendered":"<p><\/p>\n<p>[vc_row][vc_column][vc_column_text]<\/p>\n<p class=\"qtranxs-available-languages-message qtranxs-available-languages-message-en\">Sorry, this entry is only available in <a href=\"https:\/\/www.lupe.com.py\/es\/chaudiseno\/?vc_editable=true&#038;vc_post_id=7237&#038;_vcnonce=ef72fa28aa\" class=\"qtranxs-available-language-link qtranxs-available-language-link-es\" title=\"ES\">ES<\/a>.<\/p>\n<p>[\/vc_column_text][\/vc_column][\/vc_row][vc_row css=&#8221;.vc_custom_1633407319880{margin-top: 2vw !important;margin-bottom: 1vw !important;}&#8221;][vc_column width=&#8221;1\/12&#8243;][\/vc_column][vc_column width=&#8221;10\/12&#8243;]<style>.ld_fancy_heading_69f25945f2009 p{color:rgb(255, 255, 255);}.ld_fancy_heading_69f25945f2009 p {font-size:16px; } .ld_fancy_heading_69f25945f2009 .lqd-highlight-inner{height:0.275em!important;bottom:0px!important;}.ld_fancy_heading_69f25945f2009 p {font-size:16px; } <\/style><div class=\"ld-fancy-heading ld_fancy_heading_69f25945f2009\">\n\t<p class=\"ld-fh-element lqd-highlight-underline lqd-highlight-grow-left text-decoration-default\"   >  En el \u00faltimo a\u00f1o, la Inteligencia Artificial (IA) ha sido un tema que nos ha planteado un mont\u00f3n de discusiones y especulaciones en cuanto a su impacto en diversos campos, especialmente en aquellos ligados al arte o la comunicaci\u00f3n, entre ellos, uno de los m\u00e1s afectados es el dise\u00f1o.<\/p>\n<p>En este art\u00edculo, vamos a explorar por qu\u00e9 se hacen esas afirmaciones y si representan una amenaza real para los dise\u00f1adores.<\/p><\/div>[\/vc_column][vc_column width=&#8221;1\/12&#8243;][\/vc_column][\/vc_row][vc_row css=&#8221;.vc_custom_1633407319880{margin-top: 2vw !important;margin-bottom: 1vw !important;}&#8221;][vc_column width=&#8221;1\/12&#8243;][\/vc_column][vc_column width=&#8221;5\/12&#8243;]<div id=\"ld_images_group_element_69f25945f24d8\" class=\"lqd-imggrp-single ld_images_group_element_69f25945f24d8\"   >\n\t\n\t<div class=\"lqd-imggrp-img-container\"    >\n\t\t\n\t\t\t\t\n\t\t\t\t<figure ><img decoding=\"async\" width=\"600\" height=\"800\" src=\"data:image\/svg+xml;charset=utf-8,%3Csvg xmlns%3D&#039;http%3A%2F%2Fwww.w3.org%2F2000%2Fsvg&#039; viewBox%3D&#039;0 0 600 800&#039;%2F%3E\" class=\"attachment-full size-full ld-lazyload\" alt=\"\" itemprop=\"image\" data-src=\"https:\/\/www.lupe.com.py\/wp-content\/uploads\/2024\/03\/Foto_600x800.png\" data-srcset=\"https:\/\/www.lupe.com.py\/wp-content\/uploads\/2024\/03\/Foto_600x800.png 600w, https:\/\/www.lupe.com.py\/wp-content\/uploads\/2024\/03\/Foto_600x800-225x300.png 225w\" data-sizes=\"(max-width: 600px) 100vw, 600px\" data-aspect=\"0.75\" \/><\/figure>\t\t\t\t\t\t\t\t\n\t<\/div><!-- \/.lqd-imggrp-content -->\n<\/div><!-- \/.lqd-imggrp-single -->[\/vc_column][vc_column width=&#8221;5\/12&#8243;]<style>.ld_fancy_heading_69f259460115e p{color:rgb(255, 255, 255);}.ld_fancy_heading_69f259460115e p {font-size:16px; } .ld_fancy_heading_69f259460115e .lqd-highlight-inner{height:0.275em!important;bottom:0px!important;}.ld_fancy_heading_69f259460115e p {font-size:16px; } <\/style><div class=\"ld-fancy-heading ld_fancy_heading_69f259460115e\">\n\t<p class=\"ld-fh-element lqd-highlight-underline lqd-highlight-grow-left text-decoration-default\"   >  <strong>El gran problema de las IA<\/strong><\/p>\n<p>Es importante entender el problema principal que posee esta tecnolog\u00eda, que por m\u00e1s que pueda realizar tareas espec\u00edficas con un alto grado de precisi\u00f3n, siempre est\u00e1 limitada por los par\u00e1metros, contexto y alcance final que se definen para cada trabajo. En fin, la intervenci\u00f3n humana, ya que es incapaz de entender conceptos o ideas complejas y generar condiciones para el desarrollo de las mismas.<\/p>\n<p><strong>Creatividad en la IA = Informaci\u00f3n previamente proporcionada.<\/strong><\/p>\n<p><strong>El factor humano<\/strong><\/p>\n<p>Otra limitaci\u00f3n en comparaci\u00f3n con los humanos es la falta de adaptabilidad a los cambios. Aunque pueden procesar grandes cantidades de datos y analizarlos de manera compleja, les resulta dif\u00edcil comprender la imprevisibilidad del comportamiento humano, lo cual es esencial para el desarrollo del dise\u00f1o, donde partimos de necesidades reales y su comprensi\u00f3n completa para intentar solucionarlos. \u00bfCu\u00e1l es el resultado? Propuestas cumplidoras que se pierden en el mar de soluciones realizadas de la misma manera, dise\u00f1o sin alma.<\/p><\/div>[\/vc_column][vc_column width=&#8221;1\/12&#8243;][\/vc_column][\/vc_row][vc_row css=&#8221;.vc_custom_1633407319880{margin-top: 2vw !important;margin-bottom: 1vw !important;}&#8221;][vc_column width=&#8221;1\/12&#8243;][\/vc_column][vc_column width=&#8221;10\/12&#8243;]<style>.ld_fancy_heading_69f2594601657 p{color:rgb(255, 255, 255);}.ld_fancy_heading_69f2594601657 p {font-size:16px; } .ld_fancy_heading_69f2594601657 .lqd-highlight-inner{height:0.275em!important;bottom:0px!important;}.ld_fancy_heading_69f2594601657 p {font-size:16px; } <\/style><div class=\"ld-fancy-heading ld_fancy_heading_69f2594601657\">\n\t<p class=\"ld-fh-element lqd-highlight-underline lqd-highlight-grow-left text-decoration-default\"   >  <strong>\u00bfAdaptarse o morir?<\/strong><\/p>\n<p>Es dif\u00edcil ignorar la cantidad de art\u00edculos o noticias que aparecen diariamente sobre el impacto de las IA en el dise\u00f1o y no sentirse abrumado por la cantidad de informaci\u00f3n y avances en este campo. Pero es muy importante comprender que esto no difiere mucho de lo realizado hace ya varios a\u00f1os por Adobe con programas como Photoshop e Illustrator, que facilitaron mucho m\u00e1s los procesos sin sustituir completamente a la fotograf\u00eda o la caligraf\u00eda, como primeros ejemplos de pr\u00e1cticas que a\u00fan se realizan de manera &#8220;tradicional&#8221; hasta la actualidad.<\/p>\n<p>Si bien es cierto que la IA puede mejorar u optimizar tareas m\u00e1s automatizables o mundanas, lo que realmente nos ofrece es la posibilidad de concentrarnos en otras instancias, como la investigaci\u00f3n y el prototipado, que son etapas fundamentales del <strong>design thinking<\/strong>.<\/p>\n<p>Sin embargo, existe tambi\u00e9n la posibilidad de utilizar estas herramientas (como todo dilema moral de las nuevas tecnolog\u00edas) para simular propuestas de mucho valor pero carentes, como mencionamos anteriormente, de esencia y sustancia. Esto nos lleva a reflexionar sobre el efecto real de su uso indiscriminado, pero que en el peor de los casos, revaloriza esa cualidad \u00fanica y exclusiva de los seres humanos: <strong>la creatividad<\/strong>.<\/p>\n<p>En resumen, mientras la inteligencia artificial no comprenda o se acerque a comprender el valor de ciertas cosas a las que nosotros s\u00ed le damos valor (empat\u00eda), la amenaza es m\u00e1s bien infundada. Adem\u00e1s, no podemos obviar la demonizaci\u00f3n de estas tecnolog\u00edas en pel\u00edculas como &#8216;Terminator&#8217;, que se encarga de darle esa chispa de drama necesario para que sea percibida como algo a temer o una amenaza. Los dise\u00f1adores debemos seguir adapt\u00e1ndonos a estas herramientas y entenderlas como optimizadores de procesos. Nos permiten adoptar una mentalidad proactiva mientras mejoramos habilidades humanas, las cuales, al final del d\u00eda, son las que nos hacen estrechar relaciones con los clientes y con nosotros mismos.<\/p>\n<p>\u00bfChau Dise\u00f1o? No, al menos por ahora.<\/p><\/div>[\/vc_column][vc_column width=&#8221;1\/12&#8243;][\/vc_column][\/vc_row][vc_row css=&#8221;.vc_custom_1633407319880{margin-top: 2vw !important;margin-bottom: 1vw !important;}&#8221;][vc_column width=&#8221;1\/12&#8243;][\/vc_column][vc_column width=&#8221;1\/12&#8243;][\/vc_column][\/vc_row]<\/p>\n<p><\/p>","protected":false},"excerpt":{"rendered":"<p>[vc_row][vc_column][vc_column_text] Sorry, this entry is only available in ES. [\/vc_column_text][\/vc_column][\/vc_row][vc_row css=&#8221;.vc_custom_1633407319880{margin-top: 2vw !important;margin-bottom: 1vw !important;}&#8221;][vc_column width=&#8221;1\/12&#8243;][\/vc_column][vc_column width=&#8221;10\/12&#8243;][\/vc_column][vc_column width=&#8221;1\/12&#8243;][\/vc_column][\/vc_row][vc_row css=&#8221;.vc_custom_1633407319880{margin-top: 2vw !important;margin-bottom: 1vw !important;}&#8221;][vc_column width=&#8221;1\/12&#8243;][\/vc_column][vc_column width=&#8221;5\/12&#8243;][\/vc_column][vc_column width=&#8221;5\/12&#8243;][\/vc_column][vc_column width=&#8221;1\/12&#8243;][\/vc_column][\/vc_row][vc_row css=&#8221;.vc_custom_1633407319880{margin-top: 2vw !important;margin-bottom: 1vw !important;}&#8221;][vc_column width=&#8221;1\/12&#8243;][\/vc_column][vc_column width=&#8221;10\/12&#8243;][\/vc_column][vc_column width=&#8221;1\/12&#8243;][\/vc_column][\/vc_row][vc_row css=&#8221;.vc_custom_1633407319880{margin-top: 2vw !important;margin-bottom: 1vw !important;}&#8221;][vc_column width=&#8221;1\/12&#8243;][\/vc_column][vc_column width=&#8221;1\/12&#8243;][\/vc_column][\/vc_row]<\/p>\n","protected":false},"author":5,"featured_media":7477,"comment_status":"closed","ping_status":"closed","sticky":false,"template":"","format":"standard","meta":{"footnotes":""},"categories":[59],"tags":[65,113],"class_list":["post-7484","post","type-post","status-publish","format-standard","has-post-thumbnail","hentry","category-agencia-lupe","tag-creatividad","tag-television"],"yoast_head":"<!-- This site is optimized with the Yoast SEO plugin v27.5 - https:\/\/yoast.com\/product\/yoast-seo-wordpress\/ -->\n<title>Queremos vernos, &quot;m\u00e1s ac\u00e1&quot; de la TV - LUPE<\/title>\n<meta name=\"robots\" content=\"index, follow, max-snippet:-1, max-image-preview:large, max-video-preview:-1\" \/>\n<link rel=\"canonical\" href=\"https:\/\/www.lupe.com.py\/en\/queremos-vernos-mas-aca-de-la-tv-2\/\" \/>\n<meta property=\"og:locale\" content=\"en_US\" \/>\n<meta property=\"og:type\" content=\"article\" \/>\n<meta property=\"og:title\" content=\"Queremos vernos, &quot;m\u00e1s ac\u00e1&quot; de la TV\" \/>\n<meta property=\"og:description\" content=\"Sabiendo que los medios evolucionan al ritmo de sus audiencias, participamos como agencia publicitaria en el evento &quot;La TV que se viene&quot;, organizado por Agust\u00edn Genovese desde 2014, que este a\u00f1o se celebr\u00f3 a fines de mayo. En esta edici\u00f3n, el foco estuvo en los desaf\u00edos actuales de la televisi\u00f3n nacional y su necesaria reinvenci\u00f3n. Para nosotros, fue una oportunidad valiosa para repensar c\u00f3mo lograr una comunicaci\u00f3n m\u00e1s efectiva con los nuevos espectadores y reafirmar nuestro rol como creadores de ideas en un ecosistema cada vez m\u00e1s multiplataforma.\" \/>\n<meta property=\"og:url\" content=\"https:\/\/www.lupe.com.py\/queremos-vernos-mas-aca-de-la-tv-2\/\" \/>\n<meta property=\"og:site_name\" content=\"LUPE\" \/>\n<meta property=\"article:publisher\" content=\"https:\/\/www.facebook.com\/agencialupe\/\" \/>\n<meta property=\"article:published_time\" content=\"2025-06-20T12:32:17+00:00\" \/>\n<meta property=\"article:modified_time\" content=\"2025-06-20T13:10:04+00:00\" \/>\n<meta property=\"og:image\" content=\"https:\/\/www.lupe.com.py\/wp-content\/uploads\/2025\/06\/lafuerzadelatv2-1.jpg\" \/>\n\t<meta property=\"og:image:width\" content=\"1229\" \/>\n\t<meta property=\"og:image:height\" content=\"812\" \/>\n\t<meta property=\"og:image:type\" content=\"image\/jpeg\" \/>\n<meta name=\"author\" content=\"Mavi\" \/>\n<meta name=\"twitter:card\" content=\"summary_large_image\" \/>\n<meta name=\"twitter:title\" content=\"Queremos vernos, &quot;m\u00e1s ac\u00e1&quot; de la TV\" \/>\n<meta name=\"twitter:description\" content=\"Sabiendo que los medios evolucionan al ritmo de sus audiencias, participamos como agencia publicitaria en el evento &quot;La TV que se viene&quot;, organizado por Agust\u00edn Genovese desde 2014, que este a\u00f1o se celebr\u00f3 a fines de mayo. En esta edici\u00f3n, el foco estuvo en los desaf\u00edos actuales de la televisi\u00f3n nacional y su necesaria reinvenci\u00f3n. Para nosotros, fue una oportunidad valiosa para repensar c\u00f3mo lograr una comunicaci\u00f3n m\u00e1s efectiva con los nuevos espectadores y reafirmar nuestro rol como creadores de ideas en un ecosistema cada vez m\u00e1s multiplataforma.\" \/>\n<meta name=\"twitter:image\" content=\"https:\/\/www.lupe.com.py\/wp-content\/uploads\/2025\/06\/lafuerzadelatv2-1.jpg\" \/>\n<meta name=\"twitter:creator\" content=\"@agencia_lupe\" \/>\n<meta name=\"twitter:site\" content=\"@agencia_lupe\" \/>\n<meta name=\"twitter:label1\" content=\"Written by\" \/>\n\t<meta name=\"twitter:data1\" content=\"Mavi\" \/>\n\t<meta name=\"twitter:label2\" content=\"Est. reading time\" \/>\n\t<meta name=\"twitter:data2\" content=\"4 minutes\" \/>\n<script type=\"application\/ld+json\" class=\"yoast-schema-graph\">{\"@context\":\"https:\\\/\\\/schema.org\",\"@graph\":[{\"@type\":\"Article\",\"@id\":\"https:\\\/\\\/www.lupe.com.py\\\/queremos-vernos-mas-aca-de-la-tv-2\\\/#article\",\"isPartOf\":{\"@id\":\"https:\\\/\\\/www.lupe.com.py\\\/queremos-vernos-mas-aca-de-la-tv-2\\\/\"},\"author\":{\"name\":\"Mavi\",\"@id\":\"https:\\\/\\\/www.lupe.com.py\\\/#\\\/schema\\\/person\\\/480fbb54b660b9112424070959376980\"},\"headline\":\"Queremos vernos, &#8220;m\u00e1s ac\u00e1&#8221; de la TV\",\"datePublished\":\"2025-06-20T12:32:17+00:00\",\"dateModified\":\"2025-06-20T13:10:04+00:00\",\"mainEntityOfPage\":{\"@id\":\"https:\\\/\\\/www.lupe.com.py\\\/queremos-vernos-mas-aca-de-la-tv-2\\\/\"},\"wordCount\":1759,\"publisher\":{\"@id\":\"https:\\\/\\\/www.lupe.com.py\\\/#organization\"},\"image\":{\"@id\":\"https:\\\/\\\/www.lupe.com.py\\\/queremos-vernos-mas-aca-de-la-tv-2\\\/#primaryimage\"},\"thumbnailUrl\":\"https:\\\/\\\/www.lupe.com.py\\\/wp-content\\\/uploads\\\/2025\\\/06\\\/lafuerzadelatv2-1.jpg\",\"keywords\":[\"Creatividad\",\"Television\"],\"articleSection\":[\"Agencia Lupe\"],\"inLanguage\":\"en-US\"},{\"@type\":\"WebPage\",\"@id\":\"https:\\\/\\\/www.lupe.com.py\\\/queremos-vernos-mas-aca-de-la-tv-2\\\/\",\"url\":\"https:\\\/\\\/www.lupe.com.py\\\/queremos-vernos-mas-aca-de-la-tv-2\\\/\",\"name\":\"Queremos vernos, \\\"m\u00e1s ac\u00e1\\\" de la TV - LUPE\",\"isPartOf\":{\"@id\":\"https:\\\/\\\/www.lupe.com.py\\\/#website\"},\"primaryImageOfPage\":{\"@id\":\"https:\\\/\\\/www.lupe.com.py\\\/queremos-vernos-mas-aca-de-la-tv-2\\\/#primaryimage\"},\"image\":{\"@id\":\"https:\\\/\\\/www.lupe.com.py\\\/queremos-vernos-mas-aca-de-la-tv-2\\\/#primaryimage\"},\"thumbnailUrl\":\"https:\\\/\\\/www.lupe.com.py\\\/wp-content\\\/uploads\\\/2025\\\/06\\\/lafuerzadelatv2-1.jpg\",\"datePublished\":\"2025-06-20T12:32:17+00:00\",\"dateModified\":\"2025-06-20T13:10:04+00:00\",\"breadcrumb\":{\"@id\":\"https:\\\/\\\/www.lupe.com.py\\\/queremos-vernos-mas-aca-de-la-tv-2\\\/#breadcrumb\"},\"inLanguage\":\"en-US\",\"potentialAction\":[{\"@type\":\"ReadAction\",\"target\":[\"https:\\\/\\\/www.lupe.com.py\\\/queremos-vernos-mas-aca-de-la-tv-2\\\/\"]}]},{\"@type\":\"ImageObject\",\"inLanguage\":\"en-US\",\"@id\":\"https:\\\/\\\/www.lupe.com.py\\\/queremos-vernos-mas-aca-de-la-tv-2\\\/#primaryimage\",\"url\":\"https:\\\/\\\/www.lupe.com.py\\\/wp-content\\\/uploads\\\/2025\\\/06\\\/lafuerzadelatv2-1.jpg\",\"contentUrl\":\"https:\\\/\\\/www.lupe.com.py\\\/wp-content\\\/uploads\\\/2025\\\/06\\\/lafuerzadelatv2-1.jpg\",\"width\":1229,\"height\":812},{\"@type\":\"BreadcrumbList\",\"@id\":\"https:\\\/\\\/www.lupe.com.py\\\/queremos-vernos-mas-aca-de-la-tv-2\\\/#breadcrumb\",\"itemListElement\":[{\"@type\":\"ListItem\",\"position\":1,\"name\":\"Portada\",\"item\":\"https:\\\/\\\/www.lupe.com.py\\\/\"},{\"@type\":\"ListItem\",\"position\":2,\"name\":\"Queremos vernos, &#8220;m\u00e1s ac\u00e1&#8221; de la TV\"}]},{\"@type\":\"WebSite\",\"@id\":\"https:\\\/\\\/www.lupe.com.py\\\/#website\",\"url\":\"https:\\\/\\\/www.lupe.com.py\\\/\",\"name\":\"LUPE\",\"description\":\"Agencia Lupe\",\"publisher\":{\"@id\":\"https:\\\/\\\/www.lupe.com.py\\\/#organization\"},\"potentialAction\":[{\"@type\":\"SearchAction\",\"target\":{\"@type\":\"EntryPoint\",\"urlTemplate\":\"https:\\\/\\\/www.lupe.com.py\\\/?s={search_term_string}\"},\"query-input\":{\"@type\":\"PropertyValueSpecification\",\"valueRequired\":true,\"valueName\":\"search_term_string\"}}],\"inLanguage\":\"en-US\"},{\"@type\":\"Organization\",\"@id\":\"https:\\\/\\\/www.lupe.com.py\\\/#organization\",\"name\":\"Lupe\",\"url\":\"https:\\\/\\\/www.lupe.com.py\\\/\",\"logo\":{\"@type\":\"ImageObject\",\"inLanguage\":\"en-US\",\"@id\":\"https:\\\/\\\/www.lupe.com.py\\\/#\\\/schema\\\/logo\\\/image\\\/\",\"url\":\"https:\\\/\\\/www.lupe.com.py\\\/wp-content\\\/uploads\\\/2021\\\/11\\\/logo-cuadrado.jpg\",\"contentUrl\":\"https:\\\/\\\/www.lupe.com.py\\\/wp-content\\\/uploads\\\/2021\\\/11\\\/logo-cuadrado.jpg\",\"width\":1000,\"height\":1000,\"caption\":\"Lupe\"},\"image\":{\"@id\":\"https:\\\/\\\/www.lupe.com.py\\\/#\\\/schema\\\/logo\\\/image\\\/\"},\"sameAs\":[\"https:\\\/\\\/www.facebook.com\\\/agencialupe\\\/\",\"https:\\\/\\\/x.com\\\/agencia_lupe\",\"https:\\\/\\\/www.instagram.com\\\/agencia_lupe\\\/\",\"https:\\\/\\\/www.linkedin.com\\\/company\\\/agencialupepy\\\/?originalSubdomain=py\",\"https:\\\/\\\/www.youtube.com\\\/user\\\/agencialupe\"]},{\"@type\":\"Person\",\"@id\":\"https:\\\/\\\/www.lupe.com.py\\\/#\\\/schema\\\/person\\\/480fbb54b660b9112424070959376980\",\"name\":\"Mavi\"}]}<\/script>\n<!-- \/ Yoast SEO plugin. -->","yoast_head_json":{"title":"Queremos vernos, \"m\u00e1s ac\u00e1\" de la TV - LUPE","robots":{"index":"index","follow":"follow","max-snippet":"max-snippet:-1","max-image-preview":"max-image-preview:large","max-video-preview":"max-video-preview:-1"},"canonical":"https:\/\/www.lupe.com.py\/en\/queremos-vernos-mas-aca-de-la-tv-2\/","og_locale":"en_US","og_type":"article","og_title":"Queremos vernos, \"m\u00e1s ac\u00e1\" de la TV","og_description":"Sabiendo que los medios evolucionan al ritmo de sus audiencias, participamos como agencia publicitaria en el evento \"La TV que se viene\", organizado por Agust\u00edn Genovese desde 2014, que este a\u00f1o se celebr\u00f3 a fines de mayo. En esta edici\u00f3n, el foco estuvo en los desaf\u00edos actuales de la televisi\u00f3n nacional y su necesaria reinvenci\u00f3n. Para nosotros, fue una oportunidad valiosa para repensar c\u00f3mo lograr una comunicaci\u00f3n m\u00e1s efectiva con los nuevos espectadores y reafirmar nuestro rol como creadores de ideas en un ecosistema cada vez m\u00e1s multiplataforma.","og_url":"https:\/\/www.lupe.com.py\/queremos-vernos-mas-aca-de-la-tv-2\/","og_site_name":"LUPE","article_publisher":"https:\/\/www.facebook.com\/agencialupe\/","article_published_time":"2025-06-20T12:32:17+00:00","article_modified_time":"2025-06-20T13:10:04+00:00","og_image":[{"width":1229,"height":812,"url":"https:\/\/www.lupe.com.py\/wp-content\/uploads\/2025\/06\/lafuerzadelatv2-1.jpg","type":"image\/jpeg"}],"author":"Mavi","twitter_card":"summary_large_image","twitter_title":"Queremos vernos, \"m\u00e1s ac\u00e1\" de la TV","twitter_description":"Sabiendo que los medios evolucionan al ritmo de sus audiencias, participamos como agencia publicitaria en el evento \"La TV que se viene\", organizado por Agust\u00edn Genovese desde 2014, que este a\u00f1o se celebr\u00f3 a fines de mayo. En esta edici\u00f3n, el foco estuvo en los desaf\u00edos actuales de la televisi\u00f3n nacional y su necesaria reinvenci\u00f3n. Para nosotros, fue una oportunidad valiosa para repensar c\u00f3mo lograr una comunicaci\u00f3n m\u00e1s efectiva con los nuevos espectadores y reafirmar nuestro rol como creadores de ideas en un ecosistema cada vez m\u00e1s multiplataforma.","twitter_image":"https:\/\/www.lupe.com.py\/wp-content\/uploads\/2025\/06\/lafuerzadelatv2-1.jpg","twitter_creator":"@agencia_lupe","twitter_site":"@agencia_lupe","twitter_misc":{"Written by":"Mavi","Est. reading time":"4 minutes"},"schema":{"@context":"https:\/\/schema.org","@graph":[{"@type":"Article","@id":"https:\/\/www.lupe.com.py\/queremos-vernos-mas-aca-de-la-tv-2\/#article","isPartOf":{"@id":"https:\/\/www.lupe.com.py\/queremos-vernos-mas-aca-de-la-tv-2\/"},"author":{"name":"Mavi","@id":"https:\/\/www.lupe.com.py\/#\/schema\/person\/480fbb54b660b9112424070959376980"},"headline":"Queremos vernos, &#8220;m\u00e1s ac\u00e1&#8221; de la TV","datePublished":"2025-06-20T12:32:17+00:00","dateModified":"2025-06-20T13:10:04+00:00","mainEntityOfPage":{"@id":"https:\/\/www.lupe.com.py\/queremos-vernos-mas-aca-de-la-tv-2\/"},"wordCount":1759,"publisher":{"@id":"https:\/\/www.lupe.com.py\/#organization"},"image":{"@id":"https:\/\/www.lupe.com.py\/queremos-vernos-mas-aca-de-la-tv-2\/#primaryimage"},"thumbnailUrl":"https:\/\/www.lupe.com.py\/wp-content\/uploads\/2025\/06\/lafuerzadelatv2-1.jpg","keywords":["Creatividad","Television"],"articleSection":["Agencia Lupe"],"inLanguage":"en-US"},{"@type":"WebPage","@id":"https:\/\/www.lupe.com.py\/queremos-vernos-mas-aca-de-la-tv-2\/","url":"https:\/\/www.lupe.com.py\/queremos-vernos-mas-aca-de-la-tv-2\/","name":"Queremos vernos, \"m\u00e1s ac\u00e1\" de la TV - LUPE","isPartOf":{"@id":"https:\/\/www.lupe.com.py\/#website"},"primaryImageOfPage":{"@id":"https:\/\/www.lupe.com.py\/queremos-vernos-mas-aca-de-la-tv-2\/#primaryimage"},"image":{"@id":"https:\/\/www.lupe.com.py\/queremos-vernos-mas-aca-de-la-tv-2\/#primaryimage"},"thumbnailUrl":"https:\/\/www.lupe.com.py\/wp-content\/uploads\/2025\/06\/lafuerzadelatv2-1.jpg","datePublished":"2025-06-20T12:32:17+00:00","dateModified":"2025-06-20T13:10:04+00:00","breadcrumb":{"@id":"https:\/\/www.lupe.com.py\/queremos-vernos-mas-aca-de-la-tv-2\/#breadcrumb"},"inLanguage":"en-US","potentialAction":[{"@type":"ReadAction","target":["https:\/\/www.lupe.com.py\/queremos-vernos-mas-aca-de-la-tv-2\/"]}]},{"@type":"ImageObject","inLanguage":"en-US","@id":"https:\/\/www.lupe.com.py\/queremos-vernos-mas-aca-de-la-tv-2\/#primaryimage","url":"https:\/\/www.lupe.com.py\/wp-content\/uploads\/2025\/06\/lafuerzadelatv2-1.jpg","contentUrl":"https:\/\/www.lupe.com.py\/wp-content\/uploads\/2025\/06\/lafuerzadelatv2-1.jpg","width":1229,"height":812},{"@type":"BreadcrumbList","@id":"https:\/\/www.lupe.com.py\/queremos-vernos-mas-aca-de-la-tv-2\/#breadcrumb","itemListElement":[{"@type":"ListItem","position":1,"name":"Portada","item":"https:\/\/www.lupe.com.py\/"},{"@type":"ListItem","position":2,"name":"Queremos vernos, &#8220;m\u00e1s ac\u00e1&#8221; de la TV"}]},{"@type":"WebSite","@id":"https:\/\/www.lupe.com.py\/#website","url":"https:\/\/www.lupe.com.py\/","name":"LUPE","description":"Agencia Lupe","publisher":{"@id":"https:\/\/www.lupe.com.py\/#organization"},"potentialAction":[{"@type":"SearchAction","target":{"@type":"EntryPoint","urlTemplate":"https:\/\/www.lupe.com.py\/?s={search_term_string}"},"query-input":{"@type":"PropertyValueSpecification","valueRequired":true,"valueName":"search_term_string"}}],"inLanguage":"en-US"},{"@type":"Organization","@id":"https:\/\/www.lupe.com.py\/#organization","name":"Lupe","url":"https:\/\/www.lupe.com.py\/","logo":{"@type":"ImageObject","inLanguage":"en-US","@id":"https:\/\/www.lupe.com.py\/#\/schema\/logo\/image\/","url":"https:\/\/www.lupe.com.py\/wp-content\/uploads\/2021\/11\/logo-cuadrado.jpg","contentUrl":"https:\/\/www.lupe.com.py\/wp-content\/uploads\/2021\/11\/logo-cuadrado.jpg","width":1000,"height":1000,"caption":"Lupe"},"image":{"@id":"https:\/\/www.lupe.com.py\/#\/schema\/logo\/image\/"},"sameAs":["https:\/\/www.facebook.com\/agencialupe\/","https:\/\/x.com\/agencia_lupe","https:\/\/www.instagram.com\/agencia_lupe\/","https:\/\/www.linkedin.com\/company\/agencialupepy\/?originalSubdomain=py","https:\/\/www.youtube.com\/user\/agencialupe"]},{"@type":"Person","@id":"https:\/\/www.lupe.com.py\/#\/schema\/person\/480fbb54b660b9112424070959376980","name":"Mavi"}]}},"_links":{"self":[{"href":"https:\/\/www.lupe.com.py\/en\/wp-json\/wp\/v2\/posts\/7484","targetHints":{"allow":["GET"]}}],"collection":[{"href":"https:\/\/www.lupe.com.py\/en\/wp-json\/wp\/v2\/posts"}],"about":[{"href":"https:\/\/www.lupe.com.py\/en\/wp-json\/wp\/v2\/types\/post"}],"author":[{"embeddable":true,"href":"https:\/\/www.lupe.com.py\/en\/wp-json\/wp\/v2\/users\/5"}],"replies":[{"embeddable":true,"href":"https:\/\/www.lupe.com.py\/en\/wp-json\/wp\/v2\/comments?post=7484"}],"version-history":[{"count":7,"href":"https:\/\/www.lupe.com.py\/en\/wp-json\/wp\/v2\/posts\/7484\/revisions"}],"predecessor-version":[{"id":7486,"href":"https:\/\/www.lupe.com.py\/en\/wp-json\/wp\/v2\/posts\/7484\/revisions\/7486"}],"wp:featuredmedia":[{"embeddable":true,"href":"https:\/\/www.lupe.com.py\/en\/wp-json\/wp\/v2\/media\/7477"}],"wp:attachment":[{"href":"https:\/\/www.lupe.com.py\/en\/wp-json\/wp\/v2\/media?parent=7484"}],"wp:term":[{"taxonomy":"category","embeddable":true,"href":"https:\/\/www.lupe.com.py\/en\/wp-json\/wp\/v2\/categories?post=7484"},{"taxonomy":"post_tag","embeddable":true,"href":"https:\/\/www.lupe.com.py\/en\/wp-json\/wp\/v2\/tags?post=7484"}],"curies":[{"name":"wp","href":"https:\/\/api.w.org\/{rel}","templated":true}]}}